{"id":1068,"date":"2026-01-03T12:22:56","date_gmt":"2026-01-03T12:22:56","guid":{"rendered":"https:\/\/javarock.com.br\/?p=1068"},"modified":"2026-01-03T12:22:57","modified_gmt":"2026-01-03T12:22:57","slug":"epica-lanca-novo-single-avatar-the-final-incarnation-e-aquece-turne-pela-europa","status":"publish","type":"post","link":"https:\/\/javarock.com.br\/index.php\/2026\/01\/03\/epica-lanca-novo-single-avatar-the-final-incarnation-e-aquece-turne-pela-europa\/","title":{"rendered":"Epica lan\u00e7a novo single \u201cAvatar \u2013 The Final Incarnation\u201d e aquece turn\u00ea pela Europa"},"content":{"rendered":"\n<p class=\"wp-block-paragraph\">A banda <strong>Epica<\/strong>, um dos nomes mais influentes do <em>metal sinf\u00f4nico<\/em> da atualidade, revelou seu <strong>novo single intitulado \u201cAvatar \u2013 The Final Incarnation\u201d<\/strong>, lan\u00e7ando\u2011o oficialmente em dezembro de 2025. A faixa chega como parte da continuidade da era do \u00e1lbum <em>Aspiral<\/em> \u2014 nono disco de est\u00fadio do grupo que foi lan\u00e7ado em 2025 e tem sido amplamente celebrado pela cr\u00edtica e pelos f\u00e3s.<\/p>\n\n\n\n<figure class=\"wp-block-embed is-type-video is-provider-youtube wp-block-embed-youtube wp-embed-aspect-16-9 wp-has-aspect-ratio\"><div class=\"wp-block-embed__wrapper\">\n<iframe title=\"EPICA - Avatar - The Final Incarnation - (OFFICIAL LYRIC VIDEO)\" width=\"960\" height=\"540\" src=\"https:\/\/www.youtube.com\/embed\/RefS4bVX3iI?feature=oembed\" frameborder=\"0\" allow=\"accelerometer; autoplay; clipboard-write; encrypted-media; gyroscope; picture-in-picture; web-share\" referrerpolicy=\"strict-origin-when-cross-origin\" allowfullscreen><\/iframe>\n<\/div><\/figure>\n\n\n\n<h3 class=\"wp-block-heading\"><strong>Significado e inspira\u00e7\u00e3o da m\u00fasica<\/strong><\/h3>\n\n\n\n<p class=\"wp-block-paragraph\">\u201cAvatar \u2013 The Final Incarnation\u201d explora um conceito bastante profundo e simb\u00f3lico. Segundo a banda, a letra e a tem\u00e1tica da m\u00fasica se inspiram na figura de <strong>Kalki<\/strong>, um avatar da filosofia hindu que representa a \u00faltima encarna\u00e7\u00e3o destinada a restaurar o equil\u00edbrio e a verdade no mundo. A ideia por tr\u00e1s do single gira em torno de <strong>quebrar ciclos, buscar a autorrealiza\u00e7\u00e3o e alcan\u00e7ar transforma\u00e7\u00e3o interior<\/strong>, mantendo uma conex\u00e3o espiritual e reflexiva dentro da energia intensa do metal.<\/p>\n\n\n\n<h3 class=\"wp-block-heading\"><strong>Visual e experi\u00eancia audiovisual<\/strong><\/h3>\n\n\n\n<p class=\"wp-block-paragraph\">O single foi lan\u00e7ado acompanhado de um <em>visualizer<\/em> visualmente impactante, que incorpora <strong>arte diretamente ligada ao universo conceitual do Epica<\/strong>. Esse material faz parte tamb\u00e9m do que a banda est\u00e1 chamando de <em>Aspiral Oracle Card Set<\/em> \u2014 um conjunto de cartas de or\u00e1culo com artes e simbologias relacionadas ao disco e suas tem\u00e1ticas, que ser\u00e1 lan\u00e7ado globalmente em janeiro de 2026.<\/p>\n\n\n\n<h3 class=\"wp-block-heading\"><strong>Coment\u00e1rios da banda<\/strong><\/h3>\n\n\n\n<p class=\"wp-block-paragraph\">Os membros da banda destacaram como essa faixa representa mais do que apenas uma m\u00fasica nova \u2014 ela simboliza um momento de conex\u00e3o profunda com o p\u00fablico. A vocalista <strong>Simone Simons<\/strong> manifestou entusiasmo pela proximidade da <strong>turn\u00ea europeia \u201cThe Arcane Dimensions Tour\u201d<\/strong>, enfatizando que compartilhar o palco com os f\u00e3s \u00e9 uma das partes mais importantes da vida da banda, e que o novo single \u00e9 uma amostra do que est\u00e1 por vir em apresenta\u00e7\u00f5es ao vivo.<\/p>\n\n\n\n<h3 class=\"wp-block-heading\"><strong>Turn\u00ea europ\u00e9ia e expectativa para 2026<\/strong><\/h3>\n\n\n\n<p class=\"wp-block-paragraph\">O lan\u00e7amento do single marca tamb\u00e9m o aquecimento para a pr\u00f3xima fase de shows da banda: a turn\u00ea <strong>\u201cThe Arcane Dimensions Tour\u201d<\/strong>, que passar\u00e1 por v\u00e1rias cidades da Europa entre janeiro e mar\u00e7o de 2026, ao lado das bandas <strong>Amaranthe<\/strong> e <strong>The Obsession<\/strong>, proporcionando uma experi\u00eancia marcante para os f\u00e3s de metal sinf\u00f4nico no continente.<\/p>\n\n\n\n<p class=\"wp-block-paragraph\"><\/p>\n","protected":false},"excerpt":{"rendered":"<p>A banda Epica, um dos nomes mais influentes do metal sinf\u00f4nico da atualidade, revelou seu novo single intitulado \u201cAvatar \u2013 The Final Incarnation\u201d, lan\u00e7ando\u2011o oficialmente em dezembro de 2025. A faixa chega como parte da continuidade da era do \u00e1lbum Aspiral \u2014 nono disco de est\u00fadio do grupo que foi lan\u00e7ado em 2025 e tem sido amplamente celebrado pela cr\u00edtica e pelos f\u00e3s. Significado e inspira\u00e7\u00e3o da m\u00fasica \u201cAvatar \u2013 The Final Incarnation\u201d explora um conceito bastante profundo e simb\u00f3lico. Segundo a banda, a letra e a tem\u00e1tica da m\u00fasica se inspiram na figura de Kalki, um avatar da filosofia hindu que representa a \u00faltima encarna\u00e7\u00e3o destinada a restaurar o equil\u00edbrio e a verdade no mundo. A ideia por tr\u00e1s do single gira em torno de quebrar ciclos, buscar a autorrealiza\u00e7\u00e3o e alcan\u00e7ar transforma\u00e7\u00e3o interior, mantendo uma conex\u00e3o espiritual e reflexiva dentro da energia intensa do metal. Visual e experi\u00eancia audiovisual O single foi lan\u00e7ado acompanhado de um visualizer visualmente impactante, que incorpora arte diretamente ligada ao universo conceitual do Epica. Esse material faz parte tamb\u00e9m do que a banda est\u00e1 chamando de Aspiral Oracle Card Set \u2014 um conjunto de cartas de or\u00e1culo com artes e simbologias relacionadas ao disco e suas tem\u00e1ticas, que ser\u00e1 lan\u00e7ado globalmente em janeiro de 2026. Coment\u00e1rios da banda Os membros da banda destacaram como essa faixa representa mais do que apenas uma m\u00fasica nova \u2014 ela simboliza um momento de conex\u00e3o profunda com o p\u00fablico. A vocalista Simone Simons manifestou entusiasmo pela proximidade da turn\u00ea europeia \u201cThe Arcane Dimensions Tour\u201d, enfatizando que compartilhar o palco com os f\u00e3s \u00e9 uma das partes mais importantes da vida da banda, e que o novo single \u00e9 uma amostra do que est\u00e1 por vir em apresenta\u00e7\u00f5es ao vivo. Turn\u00ea europ\u00e9ia e expectativa para 2026 O lan\u00e7amento do single marca tamb\u00e9m o aquecimento para a pr\u00f3xima fase de shows da banda: a turn\u00ea \u201cThe Arcane Dimensions Tour\u201d, que passar\u00e1 por v\u00e1rias cidades da Europa entre janeiro e mar\u00e7o de 2026, ao lado das bandas Amaranthe e The Obsession, proporcionando uma experi\u00eancia marcante para os f\u00e3s de metal sinf\u00f4nico no continente.<\/p>\n","protected":false},"author":1,"featured_media":1070,"comment_status":"open","ping_status":"open","sticky":false,"template":"","format":"standard","meta":{"footnotes":""},"categories":[3],"tags":[],"class_list":["post-1068","post","type-post","status-publish","format-standard","has-post-thumbnail","hentry","category-no-mundo"],"yoast_head":"<!-- This site is optimized with the Yoast SEO plugin v26.9 - https:\/\/yoast.com\/product\/yoast-seo-wordpress\/ -->\n<title>Epica lan\u00e7a novo single \u201cAvatar \u2013 The Final Incarnation\u201d e aquece turn\u00ea pela Europa -<\/title>\n<meta name=\"robots\" content=\"index, follow, max-snippet:-1, max-image-preview:large, max-video-preview:-1\" \/>\n<link rel=\"canonical\" href=\"https:\/\/javarock.com.br\/index.php\/2026\/01\/03\/epica-lanca-novo-single-avatar-the-final-incarnation-e-aquece-turne-pela-europa\/\" \/>\n<meta property=\"og:locale\" content=\"pt_BR\" \/>\n<meta property=\"og:type\" content=\"article\" \/>\n<meta property=\"og:title\" content=\"Epica lan\u00e7a novo single \u201cAvatar \u2013 The Final Incarnation\u201d e aquece turn\u00ea pela Europa -\" \/>\n<meta property=\"og:description\" content=\"A banda Epica, um dos nomes mais influentes do metal sinf\u00f4nico da atualidade, revelou seu novo single intitulado \u201cAvatar \u2013 The Final Incarnation\u201d, lan\u00e7ando\u2011o oficialmente em dezembro de 2025. A faixa chega como parte da continuidade da era do \u00e1lbum Aspiral \u2014 nono disco de est\u00fadio do grupo que foi lan\u00e7ado em 2025 e tem sido amplamente celebrado pela cr\u00edtica e pelos f\u00e3s. Significado e inspira\u00e7\u00e3o da m\u00fasica \u201cAvatar \u2013 The Final Incarnation\u201d explora um conceito bastante profundo e simb\u00f3lico. Segundo a banda, a letra e a tem\u00e1tica da m\u00fasica se inspiram na figura de Kalki, um avatar da filosofia hindu que representa a \u00faltima encarna\u00e7\u00e3o destinada a restaurar o equil\u00edbrio e a verdade no mundo. A ideia por tr\u00e1s do single gira em torno de quebrar ciclos, buscar a autorrealiza\u00e7\u00e3o e alcan\u00e7ar transforma\u00e7\u00e3o interior, mantendo uma conex\u00e3o espiritual e reflexiva dentro da energia intensa do metal. Visual e experi\u00eancia audiovisual O single foi lan\u00e7ado acompanhado de um visualizer visualmente impactante, que incorpora arte diretamente ligada ao universo conceitual do Epica. Esse material faz parte tamb\u00e9m do que a banda est\u00e1 chamando de Aspiral Oracle Card Set \u2014 um conjunto de cartas de or\u00e1culo com artes e simbologias relacionadas ao disco e suas tem\u00e1ticas, que ser\u00e1 lan\u00e7ado globalmente em janeiro de 2026. Coment\u00e1rios da banda Os membros da banda destacaram como essa faixa representa mais do que apenas uma m\u00fasica nova \u2014 ela simboliza um momento de conex\u00e3o profunda com o p\u00fablico. A vocalista Simone Simons manifestou entusiasmo pela proximidade da turn\u00ea europeia \u201cThe Arcane Dimensions Tour\u201d, enfatizando que compartilhar o palco com os f\u00e3s \u00e9 uma das partes mais importantes da vida da banda, e que o novo single \u00e9 uma amostra do que est\u00e1 por vir em apresenta\u00e7\u00f5es ao vivo. Turn\u00ea europ\u00e9ia e expectativa para 2026 O lan\u00e7amento do single marca tamb\u00e9m o aquecimento para a pr\u00f3xima fase de shows da banda: a turn\u00ea \u201cThe Arcane Dimensions Tour\u201d, que passar\u00e1 por v\u00e1rias cidades da Europa entre janeiro e mar\u00e7o de 2026, ao lado das bandas Amaranthe e The Obsession, proporcionando uma experi\u00eancia marcante para os f\u00e3s de metal sinf\u00f4nico no continente.\" \/>\n<meta property=\"og:url\" content=\"https:\/\/javarock.com.br\/index.php\/2026\/01\/03\/epica-lanca-novo-single-avatar-the-final-incarnation-e-aquece-turne-pela-europa\/\" \/>\n<meta property=\"article:published_time\" content=\"2026-01-03T12:22:56+00:00\" \/>\n<meta property=\"article:modified_time\" content=\"2026-01-03T12:22:57+00:00\" \/>\n<meta property=\"og:image\" content=\"https:\/\/javarock.com.br\/wp-content\/uploads\/2026\/01\/image-5.png\" \/>\n\t<meta property=\"og:image:width\" content=\"822\" \/>\n\t<meta property=\"og:image:height\" content=\"592\" \/>\n\t<meta property=\"og:image:type\" content=\"image\/png\" \/>\n<meta name=\"author\" content=\"Equipe Javarock\" \/>\n<meta name=\"twitter:card\" content=\"summary_large_image\" \/>\n<meta name=\"twitter:label1\" content=\"Escrito por\" \/>\n\t<meta name=\"twitter:data1\" content=\"Equipe Javarock\" \/>\n\t<meta name=\"twitter:label2\" content=\"Est. tempo de leitura\" \/>\n\t<meta name=\"twitter:data2\" content=\"2 minutos\" \/>\n<script type=\"application\/ld+json\" class=\"yoast-schema-graph\">{\"@context\":\"https:\/\/schema.org\",\"@graph\":[{\"@type\":\"Article\",\"@id\":\"https:\/\/javarock.com.br\/index.php\/2026\/01\/03\/epica-lanca-novo-single-avatar-the-final-incarnation-e-aquece-turne-pela-europa\/#article\",\"isPartOf\":{\"@id\":\"https:\/\/javarock.com.br\/index.php\/2026\/01\/03\/epica-lanca-novo-single-avatar-the-final-incarnation-e-aquece-turne-pela-europa\/\"},\"author\":{\"name\":\"Equipe Javarock\",\"@id\":\"https:\/\/javarock.com.br\/#\/schema\/person\/21a76f39f187eaae446b4bf48e71c949\"},\"headline\":\"Epica lan\u00e7a novo single \u201cAvatar \u2013 The Final Incarnation\u201d e aquece turn\u00ea pela Europa\",\"datePublished\":\"2026-01-03T12:22:56+00:00\",\"dateModified\":\"2026-01-03T12:22:57+00:00\",\"mainEntityOfPage\":{\"@id\":\"https:\/\/javarock.com.br\/index.php\/2026\/01\/03\/epica-lanca-novo-single-avatar-the-final-incarnation-e-aquece-turne-pela-europa\/\"},\"wordCount\":405,\"commentCount\":0,\"publisher\":{\"@id\":\"https:\/\/javarock.com.br\/#organization\"},\"image\":{\"@id\":\"https:\/\/javarock.com.br\/index.php\/2026\/01\/03\/epica-lanca-novo-single-avatar-the-final-incarnation-e-aquece-turne-pela-europa\/#primaryimage\"},\"thumbnailUrl\":\"https:\/\/javarock.com.br\/wp-content\/uploads\/2026\/01\/image-5.png\",\"articleSection\":[\"noMundo\"],\"inLanguage\":\"pt-BR\",\"potentialAction\":[{\"@type\":\"CommentAction\",\"name\":\"Comment\",\"target\":[\"https:\/\/javarock.com.br\/index.php\/2026\/01\/03\/epica-lanca-novo-single-avatar-the-final-incarnation-e-aquece-turne-pela-europa\/#respond\"]}]},{\"@type\":\"WebPage\",\"@id\":\"https:\/\/javarock.com.br\/index.php\/2026\/01\/03\/epica-lanca-novo-single-avatar-the-final-incarnation-e-aquece-turne-pela-europa\/\",\"url\":\"https:\/\/javarock.com.br\/index.php\/2026\/01\/03\/epica-lanca-novo-single-avatar-the-final-incarnation-e-aquece-turne-pela-europa\/\",\"name\":\"Epica lan\u00e7a novo single \u201cAvatar \u2013 The Final Incarnation\u201d e aquece turn\u00ea pela Europa -\",\"isPartOf\":{\"@id\":\"https:\/\/javarock.com.br\/#website\"},\"primaryImageOfPage\":{\"@id\":\"https:\/\/javarock.com.br\/index.php\/2026\/01\/03\/epica-lanca-novo-single-avatar-the-final-incarnation-e-aquece-turne-pela-europa\/#primaryimage\"},\"image\":{\"@id\":\"https:\/\/javarock.com.br\/index.php\/2026\/01\/03\/epica-lanca-novo-single-avatar-the-final-incarnation-e-aquece-turne-pela-europa\/#primaryimage\"},\"thumbnailUrl\":\"https:\/\/javarock.com.br\/wp-content\/uploads\/2026\/01\/image-5.png\",\"datePublished\":\"2026-01-03T12:22:56+00:00\",\"dateModified\":\"2026-01-03T12:22:57+00:00\",\"breadcrumb\":{\"@id\":\"https:\/\/javarock.com.br\/index.php\/2026\/01\/03\/epica-lanca-novo-single-avatar-the-final-incarnation-e-aquece-turne-pela-europa\/#breadcrumb\"},\"inLanguage\":\"pt-BR\",\"potentialAction\":[{\"@type\":\"ReadAction\",\"target\":[\"https:\/\/javarock.com.br\/index.php\/2026\/01\/03\/epica-lanca-novo-single-avatar-the-final-incarnation-e-aquece-turne-pela-europa\/\"]}]},{\"@type\":\"ImageObject\",\"inLanguage\":\"pt-BR\",\"@id\":\"https:\/\/javarock.com.br\/index.php\/2026\/01\/03\/epica-lanca-novo-single-avatar-the-final-incarnation-e-aquece-turne-pela-europa\/#primaryimage\",\"url\":\"https:\/\/javarock.com.br\/wp-content\/uploads\/2026\/01\/image-5.png\",\"contentUrl\":\"https:\/\/javarock.com.br\/wp-content\/uploads\/2026\/01\/image-5.png\",\"width\":822,\"height\":592},{\"@type\":\"BreadcrumbList\",\"@id\":\"https:\/\/javarock.com.br\/index.php\/2026\/01\/03\/epica-lanca-novo-single-avatar-the-final-incarnation-e-aquece-turne-pela-europa\/#breadcrumb\",\"itemListElement\":[{\"@type\":\"ListItem\",\"position\":1,\"name\":\"In\u00edcio\",\"item\":\"https:\/\/javarock.com.br\/\"},{\"@type\":\"ListItem\",\"position\":2,\"name\":\"Epica lan\u00e7a novo single \u201cAvatar \u2013 The Final Incarnation\u201d e aquece turn\u00ea pela Europa\"}]},{\"@type\":\"WebSite\",\"@id\":\"https:\/\/javarock.com.br\/#website\",\"url\":\"https:\/\/javarock.com.br\/\",\"name\":\"Site JavaRock\",\"description\":\"\",\"publisher\":{\"@id\":\"https:\/\/javarock.com.br\/#organization\"},\"alternateName\":\"Java Rock\",\"potentialAction\":[{\"@type\":\"SearchAction\",\"target\":{\"@type\":\"EntryPoint\",\"urlTemplate\":\"https:\/\/javarock.com.br\/?s={search_term_string}\"},\"query-input\":{\"@type\":\"PropertyValueSpecification\",\"valueRequired\":true,\"valueName\":\"search_term_string\"}}],\"inLanguage\":\"pt-BR\"},{\"@type\":\"Organization\",\"@id\":\"https:\/\/javarock.com.br\/#organization\",\"name\":\"JavaRock Java Rock\",\"url\":\"https:\/\/javarock.com.br\/\",\"logo\":{\"@type\":\"ImageObject\",\"inLanguage\":\"pt-BR\",\"@id\":\"https:\/\/javarock.com.br\/#\/schema\/logo\/image\/\",\"url\":\"https:\/\/javarock.com.br\/wp-content\/uploads\/2025\/12\/cropped-logojavarock.png\",\"contentUrl\":\"https:\/\/javarock.com.br\/wp-content\/uploads\/2025\/12\/cropped-logojavarock.png\",\"width\":500,\"height\":156,\"caption\":\"JavaRock Java Rock\"},\"image\":{\"@id\":\"https:\/\/javarock.com.br\/#\/schema\/logo\/image\/\"},\"sameAs\":[\"https:\/\/www.instagram.com\/sitejavarock\"]},{\"@type\":\"Person\",\"@id\":\"https:\/\/javarock.com.br\/#\/schema\/person\/21a76f39f187eaae446b4bf48e71c949\",\"name\":\"Equipe Javarock\",\"image\":{\"@type\":\"ImageObject\",\"inLanguage\":\"pt-BR\",\"@id\":\"https:\/\/javarock.com.br\/#\/schema\/person\/image\/\",\"url\":\"https:\/\/secure.gravatar.com\/avatar\/0472940724c2517c35f1fa02fda4ebe60532172d9cd06737ce42f8d60685eaaa?s=96&d=mm&r=g\",\"contentUrl\":\"https:\/\/secure.gravatar.com\/avatar\/0472940724c2517c35f1fa02fda4ebe60532172d9cd06737ce42f8d60685eaaa?s=96&d=mm&r=g\",\"caption\":\"Equipe Javarock\"},\"sameAs\":[\"https:\/\/javarock.com.br\",\"rocha_digao\"],\"url\":\"https:\/\/javarock.com.br\/index.php\/author\/admin_zhotvalb\/\"}]}<\/script>\n<!-- \/ Yoast SEO plugin. -->","yoast_head_json":{"title":"Epica lan\u00e7a novo single \u201cAvatar \u2013 The Final Incarnation\u201d e aquece turn\u00ea pela Europa -","robots":{"index":"index","follow":"follow","max-snippet":"max-snippet:-1","max-image-preview":"max-image-preview:large","max-video-preview":"max-video-preview:-1"},"canonical":"https:\/\/javarock.com.br\/index.php\/2026\/01\/03\/epica-lanca-novo-single-avatar-the-final-incarnation-e-aquece-turne-pela-europa\/","og_locale":"pt_BR","og_type":"article","og_title":"Epica lan\u00e7a novo single \u201cAvatar \u2013 The Final Incarnation\u201d e aquece turn\u00ea pela Europa -","og_description":"A banda Epica, um dos nomes mais influentes do metal sinf\u00f4nico da atualidade, revelou seu novo single intitulado \u201cAvatar \u2013 The Final Incarnation\u201d, lan\u00e7ando\u2011o oficialmente em dezembro de 2025. A faixa chega como parte da continuidade da era do \u00e1lbum Aspiral \u2014 nono disco de est\u00fadio do grupo que foi lan\u00e7ado em 2025 e tem sido amplamente celebrado pela cr\u00edtica e pelos f\u00e3s. Significado e inspira\u00e7\u00e3o da m\u00fasica \u201cAvatar \u2013 The Final Incarnation\u201d explora um conceito bastante profundo e simb\u00f3lico. Segundo a banda, a letra e a tem\u00e1tica da m\u00fasica se inspiram na figura de Kalki, um avatar da filosofia hindu que representa a \u00faltima encarna\u00e7\u00e3o destinada a restaurar o equil\u00edbrio e a verdade no mundo. A ideia por tr\u00e1s do single gira em torno de quebrar ciclos, buscar a autorrealiza\u00e7\u00e3o e alcan\u00e7ar transforma\u00e7\u00e3o interior, mantendo uma conex\u00e3o espiritual e reflexiva dentro da energia intensa do metal. Visual e experi\u00eancia audiovisual O single foi lan\u00e7ado acompanhado de um visualizer visualmente impactante, que incorpora arte diretamente ligada ao universo conceitual do Epica. Esse material faz parte tamb\u00e9m do que a banda est\u00e1 chamando de Aspiral Oracle Card Set \u2014 um conjunto de cartas de or\u00e1culo com artes e simbologias relacionadas ao disco e suas tem\u00e1ticas, que ser\u00e1 lan\u00e7ado globalmente em janeiro de 2026. Coment\u00e1rios da banda Os membros da banda destacaram como essa faixa representa mais do que apenas uma m\u00fasica nova \u2014 ela simboliza um momento de conex\u00e3o profunda com o p\u00fablico. A vocalista Simone Simons manifestou entusiasmo pela proximidade da turn\u00ea europeia \u201cThe Arcane Dimensions Tour\u201d, enfatizando que compartilhar o palco com os f\u00e3s \u00e9 uma das partes mais importantes da vida da banda, e que o novo single \u00e9 uma amostra do que est\u00e1 por vir em apresenta\u00e7\u00f5es ao vivo. Turn\u00ea europ\u00e9ia e expectativa para 2026 O lan\u00e7amento do single marca tamb\u00e9m o aquecimento para a pr\u00f3xima fase de shows da banda: a turn\u00ea \u201cThe Arcane Dimensions Tour\u201d, que passar\u00e1 por v\u00e1rias cidades da Europa entre janeiro e mar\u00e7o de 2026, ao lado das bandas Amaranthe e The Obsession, proporcionando uma experi\u00eancia marcante para os f\u00e3s de metal sinf\u00f4nico no continente.","og_url":"https:\/\/javarock.com.br\/index.php\/2026\/01\/03\/epica-lanca-novo-single-avatar-the-final-incarnation-e-aquece-turne-pela-europa\/","article_published_time":"2026-01-03T12:22:56+00:00","article_modified_time":"2026-01-03T12:22:57+00:00","og_image":[{"width":822,"height":592,"url":"https:\/\/javarock.com.br\/wp-content\/uploads\/2026\/01\/image-5.png","type":"image\/png"}],"author":"Equipe Javarock","twitter_card":"summary_large_image","twitter_misc":{"Escrito por":"Equipe Javarock","Est. tempo de leitura":"2 minutos"},"schema":{"@context":"https:\/\/schema.org","@graph":[{"@type":"Article","@id":"https:\/\/javarock.com.br\/index.php\/2026\/01\/03\/epica-lanca-novo-single-avatar-the-final-incarnation-e-aquece-turne-pela-europa\/#article","isPartOf":{"@id":"https:\/\/javarock.com.br\/index.php\/2026\/01\/03\/epica-lanca-novo-single-avatar-the-final-incarnation-e-aquece-turne-pela-europa\/"},"author":{"name":"Equipe Javarock","@id":"https:\/\/javarock.com.br\/#\/schema\/person\/21a76f39f187eaae446b4bf48e71c949"},"headline":"Epica lan\u00e7a novo single \u201cAvatar \u2013 The Final Incarnation\u201d e aquece turn\u00ea pela Europa","datePublished":"2026-01-03T12:22:56+00:00","dateModified":"2026-01-03T12:22:57+00:00","mainEntityOfPage":{"@id":"https:\/\/javarock.com.br\/index.php\/2026\/01\/03\/epica-lanca-novo-single-avatar-the-final-incarnation-e-aquece-turne-pela-europa\/"},"wordCount":405,"commentCount":0,"publisher":{"@id":"https:\/\/javarock.com.br\/#organization"},"image":{"@id":"https:\/\/javarock.com.br\/index.php\/2026\/01\/03\/epica-lanca-novo-single-avatar-the-final-incarnation-e-aquece-turne-pela-europa\/#primaryimage"},"thumbnailUrl":"https:\/\/javarock.com.br\/wp-content\/uploads\/2026\/01\/image-5.png","articleSection":["noMundo"],"inLanguage":"pt-BR","potentialAction":[{"@type":"CommentAction","name":"Comment","target":["https:\/\/javarock.com.br\/index.php\/2026\/01\/03\/epica-lanca-novo-single-avatar-the-final-incarnation-e-aquece-turne-pela-europa\/#respond"]}]},{"@type":"WebPage","@id":"https:\/\/javarock.com.br\/index.php\/2026\/01\/03\/epica-lanca-novo-single-avatar-the-final-incarnation-e-aquece-turne-pela-europa\/","url":"https:\/\/javarock.com.br\/index.php\/2026\/01\/03\/epica-lanca-novo-single-avatar-the-final-incarnation-e-aquece-turne-pela-europa\/","name":"Epica lan\u00e7a novo single \u201cAvatar \u2013 The Final Incarnation\u201d e aquece turn\u00ea pela Europa -","isPartOf":{"@id":"https:\/\/javarock.com.br\/#website"},"primaryImageOfPage":{"@id":"https:\/\/javarock.com.br\/index.php\/2026\/01\/03\/epica-lanca-novo-single-avatar-the-final-incarnation-e-aquece-turne-pela-europa\/#primaryimage"},"image":{"@id":"https:\/\/javarock.com.br\/index.php\/2026\/01\/03\/epica-lanca-novo-single-avatar-the-final-incarnation-e-aquece-turne-pela-europa\/#primaryimage"},"thumbnailUrl":"https:\/\/javarock.com.br\/wp-content\/uploads\/2026\/01\/image-5.png","datePublished":"2026-01-03T12:22:56+00:00","dateModified":"2026-01-03T12:22:57+00:00","breadcrumb":{"@id":"https:\/\/javarock.com.br\/index.php\/2026\/01\/03\/epica-lanca-novo-single-avatar-the-final-incarnation-e-aquece-turne-pela-europa\/#breadcrumb"},"inLanguage":"pt-BR","potentialAction":[{"@type":"ReadAction","target":["https:\/\/javarock.com.br\/index.php\/2026\/01\/03\/epica-lanca-novo-single-avatar-the-final-incarnation-e-aquece-turne-pela-europa\/"]}]},{"@type":"ImageObject","inLanguage":"pt-BR","@id":"https:\/\/javarock.com.br\/index.php\/2026\/01\/03\/epica-lanca-novo-single-avatar-the-final-incarnation-e-aquece-turne-pela-europa\/#primaryimage","url":"https:\/\/javarock.com.br\/wp-content\/uploads\/2026\/01\/image-5.png","contentUrl":"https:\/\/javarock.com.br\/wp-content\/uploads\/2026\/01\/image-5.png","width":822,"height":592},{"@type":"BreadcrumbList","@id":"https:\/\/javarock.com.br\/index.php\/2026\/01\/03\/epica-lanca-novo-single-avatar-the-final-incarnation-e-aquece-turne-pela-europa\/#breadcrumb","itemListElement":[{"@type":"ListItem","position":1,"name":"In\u00edcio","item":"https:\/\/javarock.com.br\/"},{"@type":"ListItem","position":2,"name":"Epica lan\u00e7a novo single \u201cAvatar \u2013 The Final Incarnation\u201d e aquece turn\u00ea pela Europa"}]},{"@type":"WebSite","@id":"https:\/\/javarock.com.br\/#website","url":"https:\/\/javarock.com.br\/","name":"Site JavaRock","description":"","publisher":{"@id":"https:\/\/javarock.com.br\/#organization"},"alternateName":"Java Rock","potentialAction":[{"@type":"SearchAction","target":{"@type":"EntryPoint","urlTemplate":"https:\/\/javarock.com.br\/?s={search_term_string}"},"query-input":{"@type":"PropertyValueSpecification","valueRequired":true,"valueName":"search_term_string"}}],"inLanguage":"pt-BR"},{"@type":"Organization","@id":"https:\/\/javarock.com.br\/#organization","name":"JavaRock Java Rock","url":"https:\/\/javarock.com.br\/","logo":{"@type":"ImageObject","inLanguage":"pt-BR","@id":"https:\/\/javarock.com.br\/#\/schema\/logo\/image\/","url":"https:\/\/javarock.com.br\/wp-content\/uploads\/2025\/12\/cropped-logojavarock.png","contentUrl":"https:\/\/javarock.com.br\/wp-content\/uploads\/2025\/12\/cropped-logojavarock.png","width":500,"height":156,"caption":"JavaRock Java Rock"},"image":{"@id":"https:\/\/javarock.com.br\/#\/schema\/logo\/image\/"},"sameAs":["https:\/\/www.instagram.com\/sitejavarock"]},{"@type":"Person","@id":"https:\/\/javarock.com.br\/#\/schema\/person\/21a76f39f187eaae446b4bf48e71c949","name":"Equipe Javarock","image":{"@type":"ImageObject","inLanguage":"pt-BR","@id":"https:\/\/javarock.com.br\/#\/schema\/person\/image\/","url":"https:\/\/secure.gravatar.com\/avatar\/0472940724c2517c35f1fa02fda4ebe60532172d9cd06737ce42f8d60685eaaa?s=96&d=mm&r=g","contentUrl":"https:\/\/secure.gravatar.com\/avatar\/0472940724c2517c35f1fa02fda4ebe60532172d9cd06737ce42f8d60685eaaa?s=96&d=mm&r=g","caption":"Equipe Javarock"},"sameAs":["https:\/\/javarock.com.br","rocha_digao"],"url":"https:\/\/javarock.com.br\/index.php\/author\/admin_zhotvalb\/"}]}},"_links":{"self":[{"href":"https:\/\/javarock.com.br\/index.php\/wp-json\/wp\/v2\/posts\/1068","targetHints":{"allow":["GET"]}}],"collection":[{"href":"https:\/\/javarock.com.br\/index.php\/wp-json\/wp\/v2\/posts"}],"about":[{"href":"https:\/\/javarock.com.br\/index.php\/wp-json\/wp\/v2\/types\/post"}],"author":[{"embeddable":true,"href":"https:\/\/javarock.com.br\/index.php\/wp-json\/wp\/v2\/users\/1"}],"replies":[{"embeddable":true,"href":"https:\/\/javarock.com.br\/index.php\/wp-json\/wp\/v2\/comments?post=1068"}],"version-history":[{"count":1,"href":"https:\/\/javarock.com.br\/index.php\/wp-json\/wp\/v2\/posts\/1068\/revisions"}],"predecessor-version":[{"id":1071,"href":"https:\/\/javarock.com.br\/index.php\/wp-json\/wp\/v2\/posts\/1068\/revisions\/1071"}],"wp:featuredmedia":[{"embeddable":true,"href":"https:\/\/javarock.com.br\/index.php\/wp-json\/wp\/v2\/media\/1070"}],"wp:attachment":[{"href":"https:\/\/javarock.com.br\/index.php\/wp-json\/wp\/v2\/media?parent=1068"}],"wp:term":[{"taxonomy":"category","embeddable":true,"href":"https:\/\/javarock.com.br\/index.php\/wp-json\/wp\/v2\/categories?post=1068"},{"taxonomy":"post_tag","embeddable":true,"href":"https:\/\/javarock.com.br\/index.php\/wp-json\/wp\/v2\/tags?post=1068"}],"curies":[{"name":"wp","href":"https:\/\/api.w.org\/{rel}","templated":true}]}}