{"id":1095,"date":"2026-01-08T10:20:50","date_gmt":"2026-01-08T10:20:50","guid":{"rendered":"https:\/\/javarock.com.br\/?p=1095"},"modified":"2026-01-08T10:21:39","modified_gmt":"2026-01-08T10:21:39","slug":"sabre-tradicao-peso-e-atitude-no-rock-metal-brasileiro","status":"publish","type":"post","link":"https:\/\/javarock.com.br\/index.php\/2026\/01\/08\/sabre-tradicao-peso-e-atitude-no-rock-metal-brasileiro\/","title":{"rendered":"SABRE: tradi\u00e7\u00e3o, peso e atitude no rock\/metal brasileiro"},"content":{"rendered":"\n<p class=\"wp-block-paragraph\">A banda <strong>SABRE<\/strong> carrega uma trajet\u00f3ria que reflete a persist\u00eancia e a paix\u00e3o pelo rock autoral brasileiro. Formada em <strong>2004, na cidade de Videira, em Santa Catarina<\/strong>, a banda construiu sua hist\u00f3ria longe dos grandes centros, apostando em identidade, atitude e compromisso com a pr\u00f3pria sonoridade. Desde os primeiros passos, o grupo se dedicou \u00e0 cria\u00e7\u00e3o de m\u00fasicas que traduzem energia, peso e emo\u00e7\u00e3o, mantendo fidelidade \u00e0 ess\u00eancia do rock.<\/p>\n\n\n\n<p class=\"wp-block-paragraph\">Ao longo dos anos, a SABRE consolidou um repert\u00f3rio autoral consistente, fruto de diferentes fases da banda e de uma busca constante por evolu\u00e7\u00e3o musical. Esse percurso ganhou um novo cap\u00edtulo com a decis\u00e3o de <strong>reunir e disponibilizar toda a discografia nas plataformas digitais<\/strong>, permitindo que trabalhos importantes de sua hist\u00f3ria voltassem a circular e alcan\u00e7assem tanto antigos admiradores quanto um novo p\u00fablico.<\/p>\n\n\n\n<p class=\"wp-block-paragraph\">Esse movimento representa mais do que uma simples atualiza\u00e7\u00e3o de cat\u00e1logo: simboliza a retomada de uma caminhada que sempre foi guiada pela autenticidade. Ao resgatar registros lan\u00e7ados em outros momentos da carreira, a banda reafirma sua identidade e valoriza a pr\u00f3pria hist\u00f3ria, mostrando que suas m\u00fasicas continuam atuais e relevantes dentro do cen\u00e1rio do rock nacional.<\/p>\n\n\n\n<p class=\"wp-block-paragraph\">A SABRE tamb\u00e9m se destaca pela postura art\u00edstica firme e pela rela\u00e7\u00e3o constru\u00edda com seus ouvintes ao longo do tempo. A presen\u00e7a digital e o acesso facilitado ao seu material fortalecem essa conex\u00e3o, aproximando f\u00e3s da obra completa do grupo e ampliando o alcance de um trabalho que sempre foi feito com verdade.<\/p>\n\n\n\n<p class=\"wp-block-paragraph\">Com uma trajet\u00f3ria s\u00f3lida, ra\u00edzes bem definidas e um cat\u00e1logo agora acess\u00edvel ao p\u00fablico contempor\u00e2neo, a SABRE reafirma seu espa\u00e7o no rock brasileiro. A banda segue como exemplo de resist\u00eancia, coer\u00eancia art\u00edstica e amor pela m\u00fasica, mostrando que o rock independente continua vivo, pulsante e capaz de se reinventar sem perder sua ess\u00eancia.<\/p>\n\n\n\n<figure class=\"wp-block-embed is-type-rich is-provider-spotify wp-block-embed-spotify wp-embed-aspect-21-9 wp-has-aspect-ratio\"><div class=\"wp-block-embed__wrapper\">\n<iframe title=\"Spotify Embed: Sabre\" style=\"border-radius: 12px\" width=\"100%\" height=\"352\" frameborder=\"0\" allowfullscreen allow=\"autoplay; clipboard-write; encrypted-media; fullscreen; picture-in-picture\" loading=\"lazy\" src=\"https:\/\/open.spotify.com\/embed\/artist\/0KVZ0J91vfFYUQYq0quu1D?si=MMg5DNPiQv6g1Z7wQizseg&amp;nd=1&amp;dlsi=d3cb610e83554614&amp;utm_source=oembed\"><\/iframe>\n<\/div><\/figure>\n","protected":false},"excerpt":{"rendered":"<p>A banda SABRE carrega uma trajet\u00f3ria que reflete a persist\u00eancia e a paix\u00e3o pelo rock autoral brasileiro. Formada em 2004, na cidade de Videira, em Santa Catarina, a banda construiu sua hist\u00f3ria longe dos grandes centros, apostando em identidade, atitude e compromisso com a pr\u00f3pria sonoridade. Desde os primeiros passos, o grupo se dedicou \u00e0 cria\u00e7\u00e3o de m\u00fasicas que traduzem energia, peso e emo\u00e7\u00e3o, mantendo fidelidade \u00e0 ess\u00eancia do rock. Ao longo dos anos, a SABRE consolidou um repert\u00f3rio autoral consistente, fruto de diferentes fases da banda e de uma busca constante por evolu\u00e7\u00e3o musical. Esse percurso ganhou um novo cap\u00edtulo com a decis\u00e3o de reunir e disponibilizar toda a discografia nas plataformas digitais, permitindo que trabalhos importantes de sua hist\u00f3ria voltassem a circular e alcan\u00e7assem tanto antigos admiradores quanto um novo p\u00fablico. Esse movimento representa mais do que uma simples atualiza\u00e7\u00e3o de cat\u00e1logo: simboliza a retomada de uma caminhada que sempre foi guiada pela autenticidade. Ao resgatar registros lan\u00e7ados em outros momentos da carreira, a banda reafirma sua identidade e valoriza a pr\u00f3pria hist\u00f3ria, mostrando que suas m\u00fasicas continuam atuais e relevantes dentro do cen\u00e1rio do rock nacional. A SABRE tamb\u00e9m se destaca pela postura art\u00edstica firme e pela rela\u00e7\u00e3o constru\u00edda com seus ouvintes ao longo do tempo. A presen\u00e7a digital e o acesso facilitado ao seu material fortalecem essa conex\u00e3o, aproximando f\u00e3s da obra completa do grupo e ampliando o alcance de um trabalho que sempre foi feito com verdade. Com uma trajet\u00f3ria s\u00f3lida, ra\u00edzes bem definidas e um cat\u00e1logo agora acess\u00edvel ao p\u00fablico contempor\u00e2neo, a SABRE reafirma seu espa\u00e7o no rock brasileiro. A banda segue como exemplo de resist\u00eancia, coer\u00eancia art\u00edstica e amor pela m\u00fasica, mostrando que o rock independente continua vivo, pulsante e capaz de se reinventar sem perder sua ess\u00eancia.<\/p>\n","protected":false},"author":1,"featured_media":1097,"comment_status":"open","ping_status":"open","sticky":false,"template":"","format":"standard","meta":{"footnotes":""},"categories":[3,26],"tags":[],"class_list":["post-1095","post","type-post","status-publish","format-standard","has-post-thumbnail","hentry","category-no-mundo","category-underground"],"yoast_head":"<!-- This site is optimized with the Yoast SEO plugin v26.9 - https:\/\/yoast.com\/product\/yoast-seo-wordpress\/ -->\n<title>SABRE: tradi\u00e7\u00e3o, peso e atitude no rock\/metal brasileiro -<\/title>\n<meta name=\"robots\" content=\"index, follow, max-snippet:-1, max-image-preview:large, max-video-preview:-1\" \/>\n<link rel=\"canonical\" href=\"https:\/\/javarock.com.br\/index.php\/2026\/01\/08\/sabre-tradicao-peso-e-atitude-no-rock-metal-brasileiro\/\" \/>\n<meta property=\"og:locale\" content=\"pt_BR\" \/>\n<meta property=\"og:type\" content=\"article\" \/>\n<meta property=\"og:title\" content=\"SABRE: tradi\u00e7\u00e3o, peso e atitude no rock\/metal brasileiro -\" \/>\n<meta property=\"og:description\" content=\"A banda SABRE carrega uma trajet\u00f3ria que reflete a persist\u00eancia e a paix\u00e3o pelo rock autoral brasileiro. Formada em 2004, na cidade de Videira, em Santa Catarina, a banda construiu sua hist\u00f3ria longe dos grandes centros, apostando em identidade, atitude e compromisso com a pr\u00f3pria sonoridade. Desde os primeiros passos, o grupo se dedicou \u00e0 cria\u00e7\u00e3o de m\u00fasicas que traduzem energia, peso e emo\u00e7\u00e3o, mantendo fidelidade \u00e0 ess\u00eancia do rock. Ao longo dos anos, a SABRE consolidou um repert\u00f3rio autoral consistente, fruto de diferentes fases da banda e de uma busca constante por evolu\u00e7\u00e3o musical. Esse percurso ganhou um novo cap\u00edtulo com a decis\u00e3o de reunir e disponibilizar toda a discografia nas plataformas digitais, permitindo que trabalhos importantes de sua hist\u00f3ria voltassem a circular e alcan\u00e7assem tanto antigos admiradores quanto um novo p\u00fablico. Esse movimento representa mais do que uma simples atualiza\u00e7\u00e3o de cat\u00e1logo: simboliza a retomada de uma caminhada que sempre foi guiada pela autenticidade. Ao resgatar registros lan\u00e7ados em outros momentos da carreira, a banda reafirma sua identidade e valoriza a pr\u00f3pria hist\u00f3ria, mostrando que suas m\u00fasicas continuam atuais e relevantes dentro do cen\u00e1rio do rock nacional. A SABRE tamb\u00e9m se destaca pela postura art\u00edstica firme e pela rela\u00e7\u00e3o constru\u00edda com seus ouvintes ao longo do tempo. A presen\u00e7a digital e o acesso facilitado ao seu material fortalecem essa conex\u00e3o, aproximando f\u00e3s da obra completa do grupo e ampliando o alcance de um trabalho que sempre foi feito com verdade. Com uma trajet\u00f3ria s\u00f3lida, ra\u00edzes bem definidas e um cat\u00e1logo agora acess\u00edvel ao p\u00fablico contempor\u00e2neo, a SABRE reafirma seu espa\u00e7o no rock brasileiro. A banda segue como exemplo de resist\u00eancia, coer\u00eancia art\u00edstica e amor pela m\u00fasica, mostrando que o rock independente continua vivo, pulsante e capaz de se reinventar sem perder sua ess\u00eancia.\" \/>\n<meta property=\"og:url\" content=\"https:\/\/javarock.com.br\/index.php\/2026\/01\/08\/sabre-tradicao-peso-e-atitude-no-rock-metal-brasileiro\/\" \/>\n<meta property=\"article:published_time\" content=\"2026-01-08T10:20:50+00:00\" \/>\n<meta property=\"article:modified_time\" content=\"2026-01-08T10:21:39+00:00\" \/>\n<meta property=\"og:image\" content=\"https:\/\/javarock.com.br\/wp-content\/uploads\/2026\/01\/image-10.png\" \/>\n\t<meta property=\"og:image:width\" content=\"856\" \/>\n\t<meta property=\"og:image:height\" content=\"728\" \/>\n\t<meta property=\"og:image:type\" content=\"image\/png\" \/>\n<meta name=\"author\" content=\"Equipe Javarock\" \/>\n<meta name=\"twitter:card\" content=\"summary_large_image\" \/>\n<meta name=\"twitter:label1\" content=\"Escrito por\" \/>\n\t<meta name=\"twitter:data1\" content=\"Equipe Javarock\" \/>\n\t<meta name=\"twitter:label2\" content=\"Est. tempo de leitura\" \/>\n\t<meta name=\"twitter:data2\" content=\"2 minutos\" \/>\n<script type=\"application\/ld+json\" class=\"yoast-schema-graph\">{\"@context\":\"https:\/\/schema.org\",\"@graph\":[{\"@type\":\"Article\",\"@id\":\"https:\/\/javarock.com.br\/index.php\/2026\/01\/08\/sabre-tradicao-peso-e-atitude-no-rock-metal-brasileiro\/#article\",\"isPartOf\":{\"@id\":\"https:\/\/javarock.com.br\/index.php\/2026\/01\/08\/sabre-tradicao-peso-e-atitude-no-rock-metal-brasileiro\/\"},\"author\":{\"name\":\"Equipe Javarock\",\"@id\":\"https:\/\/javarock.com.br\/#\/schema\/person\/21a76f39f187eaae446b4bf48e71c949\"},\"headline\":\"SABRE: tradi\u00e7\u00e3o, peso e atitude no rock\/metal brasileiro\",\"datePublished\":\"2026-01-08T10:20:50+00:00\",\"dateModified\":\"2026-01-08T10:21:39+00:00\",\"mainEntityOfPage\":{\"@id\":\"https:\/\/javarock.com.br\/index.php\/2026\/01\/08\/sabre-tradicao-peso-e-atitude-no-rock-metal-brasileiro\/\"},\"wordCount\":369,\"commentCount\":0,\"publisher\":{\"@id\":\"https:\/\/javarock.com.br\/#organization\"},\"image\":{\"@id\":\"https:\/\/javarock.com.br\/index.php\/2026\/01\/08\/sabre-tradicao-peso-e-atitude-no-rock-metal-brasileiro\/#primaryimage\"},\"thumbnailUrl\":\"https:\/\/javarock.com.br\/wp-content\/uploads\/2026\/01\/image-10.png\",\"articleSection\":[\"noMundo\",\"Underground\"],\"inLanguage\":\"pt-BR\",\"potentialAction\":[{\"@type\":\"CommentAction\",\"name\":\"Comment\",\"target\":[\"https:\/\/javarock.com.br\/index.php\/2026\/01\/08\/sabre-tradicao-peso-e-atitude-no-rock-metal-brasileiro\/#respond\"]}]},{\"@type\":\"WebPage\",\"@id\":\"https:\/\/javarock.com.br\/index.php\/2026\/01\/08\/sabre-tradicao-peso-e-atitude-no-rock-metal-brasileiro\/\",\"url\":\"https:\/\/javarock.com.br\/index.php\/2026\/01\/08\/sabre-tradicao-peso-e-atitude-no-rock-metal-brasileiro\/\",\"name\":\"SABRE: tradi\u00e7\u00e3o, peso e atitude no rock\/metal brasileiro -\",\"isPartOf\":{\"@id\":\"https:\/\/javarock.com.br\/#website\"},\"primaryImageOfPage\":{\"@id\":\"https:\/\/javarock.com.br\/index.php\/2026\/01\/08\/sabre-tradicao-peso-e-atitude-no-rock-metal-brasileiro\/#primaryimage\"},\"image\":{\"@id\":\"https:\/\/javarock.com.br\/index.php\/2026\/01\/08\/sabre-tradicao-peso-e-atitude-no-rock-metal-brasileiro\/#primaryimage\"},\"thumbnailUrl\":\"https:\/\/javarock.com.br\/wp-content\/uploads\/2026\/01\/image-10.png\",\"datePublished\":\"2026-01-08T10:20:50+00:00\",\"dateModified\":\"2026-01-08T10:21:39+00:00\",\"breadcrumb\":{\"@id\":\"https:\/\/javarock.com.br\/index.php\/2026\/01\/08\/sabre-tradicao-peso-e-atitude-no-rock-metal-brasileiro\/#breadcrumb\"},\"inLanguage\":\"pt-BR\",\"potentialAction\":[{\"@type\":\"ReadAction\",\"target\":[\"https:\/\/javarock.com.br\/index.php\/2026\/01\/08\/sabre-tradicao-peso-e-atitude-no-rock-metal-brasileiro\/\"]}]},{\"@type\":\"ImageObject\",\"inLanguage\":\"pt-BR\",\"@id\":\"https:\/\/javarock.com.br\/index.php\/2026\/01\/08\/sabre-tradicao-peso-e-atitude-no-rock-metal-brasileiro\/#primaryimage\",\"url\":\"https:\/\/javarock.com.br\/wp-content\/uploads\/2026\/01\/image-10.png\",\"contentUrl\":\"https:\/\/javarock.com.br\/wp-content\/uploads\/2026\/01\/image-10.png\",\"width\":856,\"height\":728},{\"@type\":\"BreadcrumbList\",\"@id\":\"https:\/\/javarock.com.br\/index.php\/2026\/01\/08\/sabre-tradicao-peso-e-atitude-no-rock-metal-brasileiro\/#breadcrumb\",\"itemListElement\":[{\"@type\":\"ListItem\",\"position\":1,\"name\":\"In\u00edcio\",\"item\":\"https:\/\/javarock.com.br\/\"},{\"@type\":\"ListItem\",\"position\":2,\"name\":\"SABRE: tradi\u00e7\u00e3o, peso e atitude no rock\/metal brasileiro\"}]},{\"@type\":\"WebSite\",\"@id\":\"https:\/\/javarock.com.br\/#website\",\"url\":\"https:\/\/javarock.com.br\/\",\"name\":\"Site JavaRock\",\"description\":\"\",\"publisher\":{\"@id\":\"https:\/\/javarock.com.br\/#organization\"},\"alternateName\":\"Java Rock\",\"potentialAction\":[{\"@type\":\"SearchAction\",\"target\":{\"@type\":\"EntryPoint\",\"urlTemplate\":\"https:\/\/javarock.com.br\/?s={search_term_string}\"},\"query-input\":{\"@type\":\"PropertyValueSpecification\",\"valueRequired\":true,\"valueName\":\"search_term_string\"}}],\"inLanguage\":\"pt-BR\"},{\"@type\":\"Organization\",\"@id\":\"https:\/\/javarock.com.br\/#organization\",\"name\":\"JavaRock Java Rock\",\"url\":\"https:\/\/javarock.com.br\/\",\"logo\":{\"@type\":\"ImageObject\",\"inLanguage\":\"pt-BR\",\"@id\":\"https:\/\/javarock.com.br\/#\/schema\/logo\/image\/\",\"url\":\"https:\/\/javarock.com.br\/wp-content\/uploads\/2025\/12\/cropped-logojavarock.png\",\"contentUrl\":\"https:\/\/javarock.com.br\/wp-content\/uploads\/2025\/12\/cropped-logojavarock.png\",\"width\":500,\"height\":156,\"caption\":\"JavaRock Java Rock\"},\"image\":{\"@id\":\"https:\/\/javarock.com.br\/#\/schema\/logo\/image\/\"},\"sameAs\":[\"https:\/\/www.instagram.com\/sitejavarock\"]},{\"@type\":\"Person\",\"@id\":\"https:\/\/javarock.com.br\/#\/schema\/person\/21a76f39f187eaae446b4bf48e71c949\",\"name\":\"Equipe Javarock\",\"image\":{\"@type\":\"ImageObject\",\"inLanguage\":\"pt-BR\",\"@id\":\"https:\/\/javarock.com.br\/#\/schema\/person\/image\/\",\"url\":\"https:\/\/secure.gravatar.com\/avatar\/0472940724c2517c35f1fa02fda4ebe60532172d9cd06737ce42f8d60685eaaa?s=96&d=mm&r=g\",\"contentUrl\":\"https:\/\/secure.gravatar.com\/avatar\/0472940724c2517c35f1fa02fda4ebe60532172d9cd06737ce42f8d60685eaaa?s=96&d=mm&r=g\",\"caption\":\"Equipe Javarock\"},\"sameAs\":[\"https:\/\/javarock.com.br\",\"rocha_digao\"],\"url\":\"https:\/\/javarock.com.br\/index.php\/author\/admin_zhotvalb\/\"}]}<\/script>\n<!-- \/ Yoast SEO plugin. -->","yoast_head_json":{"title":"SABRE: tradi\u00e7\u00e3o, peso e atitude no rock\/metal brasileiro -","robots":{"index":"index","follow":"follow","max-snippet":"max-snippet:-1","max-image-preview":"max-image-preview:large","max-video-preview":"max-video-preview:-1"},"canonical":"https:\/\/javarock.com.br\/index.php\/2026\/01\/08\/sabre-tradicao-peso-e-atitude-no-rock-metal-brasileiro\/","og_locale":"pt_BR","og_type":"article","og_title":"SABRE: tradi\u00e7\u00e3o, peso e atitude no rock\/metal brasileiro -","og_description":"A banda SABRE carrega uma trajet\u00f3ria que reflete a persist\u00eancia e a paix\u00e3o pelo rock autoral brasileiro. Formada em 2004, na cidade de Videira, em Santa Catarina, a banda construiu sua hist\u00f3ria longe dos grandes centros, apostando em identidade, atitude e compromisso com a pr\u00f3pria sonoridade. Desde os primeiros passos, o grupo se dedicou \u00e0 cria\u00e7\u00e3o de m\u00fasicas que traduzem energia, peso e emo\u00e7\u00e3o, mantendo fidelidade \u00e0 ess\u00eancia do rock. Ao longo dos anos, a SABRE consolidou um repert\u00f3rio autoral consistente, fruto de diferentes fases da banda e de uma busca constante por evolu\u00e7\u00e3o musical. Esse percurso ganhou um novo cap\u00edtulo com a decis\u00e3o de reunir e disponibilizar toda a discografia nas plataformas digitais, permitindo que trabalhos importantes de sua hist\u00f3ria voltassem a circular e alcan\u00e7assem tanto antigos admiradores quanto um novo p\u00fablico. Esse movimento representa mais do que uma simples atualiza\u00e7\u00e3o de cat\u00e1logo: simboliza a retomada de uma caminhada que sempre foi guiada pela autenticidade. Ao resgatar registros lan\u00e7ados em outros momentos da carreira, a banda reafirma sua identidade e valoriza a pr\u00f3pria hist\u00f3ria, mostrando que suas m\u00fasicas continuam atuais e relevantes dentro do cen\u00e1rio do rock nacional. A SABRE tamb\u00e9m se destaca pela postura art\u00edstica firme e pela rela\u00e7\u00e3o constru\u00edda com seus ouvintes ao longo do tempo. A presen\u00e7a digital e o acesso facilitado ao seu material fortalecem essa conex\u00e3o, aproximando f\u00e3s da obra completa do grupo e ampliando o alcance de um trabalho que sempre foi feito com verdade. Com uma trajet\u00f3ria s\u00f3lida, ra\u00edzes bem definidas e um cat\u00e1logo agora acess\u00edvel ao p\u00fablico contempor\u00e2neo, a SABRE reafirma seu espa\u00e7o no rock brasileiro. A banda segue como exemplo de resist\u00eancia, coer\u00eancia art\u00edstica e amor pela m\u00fasica, mostrando que o rock independente continua vivo, pulsante e capaz de se reinventar sem perder sua ess\u00eancia.","og_url":"https:\/\/javarock.com.br\/index.php\/2026\/01\/08\/sabre-tradicao-peso-e-atitude-no-rock-metal-brasileiro\/","article_published_time":"2026-01-08T10:20:50+00:00","article_modified_time":"2026-01-08T10:21:39+00:00","og_image":[{"width":856,"height":728,"url":"https:\/\/javarock.com.br\/wp-content\/uploads\/2026\/01\/image-10.png","type":"image\/png"}],"author":"Equipe Javarock","twitter_card":"summary_large_image","twitter_misc":{"Escrito por":"Equipe Javarock","Est. tempo de leitura":"2 minutos"},"schema":{"@context":"https:\/\/schema.org","@graph":[{"@type":"Article","@id":"https:\/\/javarock.com.br\/index.php\/2026\/01\/08\/sabre-tradicao-peso-e-atitude-no-rock-metal-brasileiro\/#article","isPartOf":{"@id":"https:\/\/javarock.com.br\/index.php\/2026\/01\/08\/sabre-tradicao-peso-e-atitude-no-rock-metal-brasileiro\/"},"author":{"name":"Equipe Javarock","@id":"https:\/\/javarock.com.br\/#\/schema\/person\/21a76f39f187eaae446b4bf48e71c949"},"headline":"SABRE: tradi\u00e7\u00e3o, peso e atitude no rock\/metal brasileiro","datePublished":"2026-01-08T10:20:50+00:00","dateModified":"2026-01-08T10:21:39+00:00","mainEntityOfPage":{"@id":"https:\/\/javarock.com.br\/index.php\/2026\/01\/08\/sabre-tradicao-peso-e-atitude-no-rock-metal-brasileiro\/"},"wordCount":369,"commentCount":0,"publisher":{"@id":"https:\/\/javarock.com.br\/#organization"},"image":{"@id":"https:\/\/javarock.com.br\/index.php\/2026\/01\/08\/sabre-tradicao-peso-e-atitude-no-rock-metal-brasileiro\/#primaryimage"},"thumbnailUrl":"https:\/\/javarock.com.br\/wp-content\/uploads\/2026\/01\/image-10.png","articleSection":["noMundo","Underground"],"inLanguage":"pt-BR","potentialAction":[{"@type":"CommentAction","name":"Comment","target":["https:\/\/javarock.com.br\/index.php\/2026\/01\/08\/sabre-tradicao-peso-e-atitude-no-rock-metal-brasileiro\/#respond"]}]},{"@type":"WebPage","@id":"https:\/\/javarock.com.br\/index.php\/2026\/01\/08\/sabre-tradicao-peso-e-atitude-no-rock-metal-brasileiro\/","url":"https:\/\/javarock.com.br\/index.php\/2026\/01\/08\/sabre-tradicao-peso-e-atitude-no-rock-metal-brasileiro\/","name":"SABRE: tradi\u00e7\u00e3o, peso e atitude no rock\/metal brasileiro -","isPartOf":{"@id":"https:\/\/javarock.com.br\/#website"},"primaryImageOfPage":{"@id":"https:\/\/javarock.com.br\/index.php\/2026\/01\/08\/sabre-tradicao-peso-e-atitude-no-rock-metal-brasileiro\/#primaryimage"},"image":{"@id":"https:\/\/javarock.com.br\/index.php\/2026\/01\/08\/sabre-tradicao-peso-e-atitude-no-rock-metal-brasileiro\/#primaryimage"},"thumbnailUrl":"https:\/\/javarock.com.br\/wp-content\/uploads\/2026\/01\/image-10.png","datePublished":"2026-01-08T10:20:50+00:00","dateModified":"2026-01-08T10:21:39+00:00","breadcrumb":{"@id":"https:\/\/javarock.com.br\/index.php\/2026\/01\/08\/sabre-tradicao-peso-e-atitude-no-rock-metal-brasileiro\/#breadcrumb"},"inLanguage":"pt-BR","potentialAction":[{"@type":"ReadAction","target":["https:\/\/javarock.com.br\/index.php\/2026\/01\/08\/sabre-tradicao-peso-e-atitude-no-rock-metal-brasileiro\/"]}]},{"@type":"ImageObject","inLanguage":"pt-BR","@id":"https:\/\/javarock.com.br\/index.php\/2026\/01\/08\/sabre-tradicao-peso-e-atitude-no-rock-metal-brasileiro\/#primaryimage","url":"https:\/\/javarock.com.br\/wp-content\/uploads\/2026\/01\/image-10.png","contentUrl":"https:\/\/javarock.com.br\/wp-content\/uploads\/2026\/01\/image-10.png","width":856,"height":728},{"@type":"BreadcrumbList","@id":"https:\/\/javarock.com.br\/index.php\/2026\/01\/08\/sabre-tradicao-peso-e-atitude-no-rock-metal-brasileiro\/#breadcrumb","itemListElement":[{"@type":"ListItem","position":1,"name":"In\u00edcio","item":"https:\/\/javarock.com.br\/"},{"@type":"ListItem","position":2,"name":"SABRE: tradi\u00e7\u00e3o, peso e atitude no rock\/metal brasileiro"}]},{"@type":"WebSite","@id":"https:\/\/javarock.com.br\/#website","url":"https:\/\/javarock.com.br\/","name":"Site JavaRock","description":"","publisher":{"@id":"https:\/\/javarock.com.br\/#organization"},"alternateName":"Java Rock","potentialAction":[{"@type":"SearchAction","target":{"@type":"EntryPoint","urlTemplate":"https:\/\/javarock.com.br\/?s={search_term_string}"},"query-input":{"@type":"PropertyValueSpecification","valueRequired":true,"valueName":"search_term_string"}}],"inLanguage":"pt-BR"},{"@type":"Organization","@id":"https:\/\/javarock.com.br\/#organization","name":"JavaRock Java Rock","url":"https:\/\/javarock.com.br\/","logo":{"@type":"ImageObject","inLanguage":"pt-BR","@id":"https:\/\/javarock.com.br\/#\/schema\/logo\/image\/","url":"https:\/\/javarock.com.br\/wp-content\/uploads\/2025\/12\/cropped-logojavarock.png","contentUrl":"https:\/\/javarock.com.br\/wp-content\/uploads\/2025\/12\/cropped-logojavarock.png","width":500,"height":156,"caption":"JavaRock Java Rock"},"image":{"@id":"https:\/\/javarock.com.br\/#\/schema\/logo\/image\/"},"sameAs":["https:\/\/www.instagram.com\/sitejavarock"]},{"@type":"Person","@id":"https:\/\/javarock.com.br\/#\/schema\/person\/21a76f39f187eaae446b4bf48e71c949","name":"Equipe Javarock","image":{"@type":"ImageObject","inLanguage":"pt-BR","@id":"https:\/\/javarock.com.br\/#\/schema\/person\/image\/","url":"https:\/\/secure.gravatar.com\/avatar\/0472940724c2517c35f1fa02fda4ebe60532172d9cd06737ce42f8d60685eaaa?s=96&d=mm&r=g","contentUrl":"https:\/\/secure.gravatar.com\/avatar\/0472940724c2517c35f1fa02fda4ebe60532172d9cd06737ce42f8d60685eaaa?s=96&d=mm&r=g","caption":"Equipe Javarock"},"sameAs":["https:\/\/javarock.com.br","rocha_digao"],"url":"https:\/\/javarock.com.br\/index.php\/author\/admin_zhotvalb\/"}]}},"_links":{"self":[{"href":"https:\/\/javarock.com.br\/index.php\/wp-json\/wp\/v2\/posts\/1095","targetHints":{"allow":["GET"]}}],"collection":[{"href":"https:\/\/javarock.com.br\/index.php\/wp-json\/wp\/v2\/posts"}],"about":[{"href":"https:\/\/javarock.com.br\/index.php\/wp-json\/wp\/v2\/types\/post"}],"author":[{"embeddable":true,"href":"https:\/\/javarock.com.br\/index.php\/wp-json\/wp\/v2\/users\/1"}],"replies":[{"embeddable":true,"href":"https:\/\/javarock.com.br\/index.php\/wp-json\/wp\/v2\/comments?post=1095"}],"version-history":[{"count":3,"href":"https:\/\/javarock.com.br\/index.php\/wp-json\/wp\/v2\/posts\/1095\/revisions"}],"predecessor-version":[{"id":1099,"href":"https:\/\/javarock.com.br\/index.php\/wp-json\/wp\/v2\/posts\/1095\/revisions\/1099"}],"wp:featuredmedia":[{"embeddable":true,"href":"https:\/\/javarock.com.br\/index.php\/wp-json\/wp\/v2\/media\/1097"}],"wp:attachment":[{"href":"https:\/\/javarock.com.br\/index.php\/wp-json\/wp\/v2\/media?parent=1095"}],"wp:term":[{"taxonomy":"category","embeddable":true,"href":"https:\/\/javarock.com.br\/index.php\/wp-json\/wp\/v2\/categories?post=1095"},{"taxonomy":"post_tag","embeddable":true,"href":"https:\/\/javarock.com.br\/index.php\/wp-json\/wp\/v2\/tags?post=1095"}],"curies":[{"name":"wp","href":"https:\/\/api.w.org\/{rel}","templated":true}]}}